{"id":95,"date":"2025-01-12T20:29:16","date_gmt":"2025-01-13T01:29:16","guid":{"rendered":"https:\/\/colefcolombia.co\/colefco\/?p=95"},"modified":"2025-02-03T22:44:46","modified_gmt":"2025-02-04T03:44:46","slug":"taller-de-planificacion-y-periodizacion-del-entrenamiento-deportivo","status":"publish","type":"post","link":"https:\/\/colefcolombia.co\/colefco\/eventos\/taller-de-planificacion-y-periodizacion-del-entrenamiento-deportivo\/","title":{"rendered":"Pr\u00f3ximamente Taller de Planificaci\u00f3n y periodizaci\u00f3n del entrenamiento deportivo"},"content":{"rendered":"\n<p>Este taller brindar\u00e1 a los entrenadores f\u00edsicos y deportivos las herramientas fundamentales para dise\u00f1ar programas de entrenamiento eficientes y personalizados. A trav\u00e9s de un enfoque te\u00f3rico-pr\u00e1ctico, aprender\u00e1s los principios de la planificaci\u00f3n y la periodizaci\u00f3n del entrenamiento, asegurando la preparaci\u00f3n \u00f3ptima de los deportistas en diferentes disciplinas. Exploraremos c\u00f3mo estructurar sesiones y ciclos de entrenamiento, optimizando el rendimiento f\u00edsico y minimizando riesgos de lesiones.<\/p>\n\n\n\n<p>En un entorno din\u00e1mico e interactivo, este taller ofrecer\u00e1 casos pr\u00e1cticos y an\u00e1lisis detallados de estrategias empleadas por expertos en el campo deportivo. Est\u00e1 dirigido a entrenadores, profesores de educaci\u00f3n f\u00edsica y profesionales interesados en potenciar sus conocimientos sobre c\u00f3mo coordinar cargas de trabajo, periodos de descanso y adaptaci\u00f3n en funci\u00f3n de los objetivos deportivos. \u00a1Una oportunidad imperdible para llevar tu pr\u00e1ctica profesional al siguiente nivel!<\/p>\n","protected":false},"excerpt":{"rendered":"<p>Este taller brindar\u00e1 a los entrenadores f\u00edsicos y deportivos las herramientas fundamentales para dise\u00f1ar programas de entrenamiento eficientes y personalizados. A trav\u00e9s de un enfoque te\u00f3rico-pr\u00e1ctico, aprender\u00e1s los principios de la planificaci\u00f3n y la periodizaci\u00f3n del entrenamiento, asegurando la preparaci\u00f3n \u00f3ptima de los deportistas en diferentes disciplinas. Exploraremos c\u00f3mo estructurar sesiones y ciclos de entrenamiento, [&hellip;]<\/p>\n","protected":false},"author":1,"featured_media":97,"comment_status":"closed","ping_status":"open","sticky":false,"template":"","format":"standard","meta":{"_coblocks_attr":"","_coblocks_dimensions":"","_coblocks_responsive_height":"","_coblocks_accordion_ie_support":"","_kadence_starter_templates_imported_post":false,"footnotes":""},"categories":[7],"tags":[],"class_list":["post-95","post","type-post","status-publish","format-standard","has-post-thumbnail","hentry","category-eventos"],"_links":{"self":[{"href":"https:\/\/colefcolombia.co\/colefco\/wp-json\/wp\/v2\/posts\/95","targetHints":{"allow":["GET"]}}],"collection":[{"href":"https:\/\/colefcolombia.co\/colefco\/wp-json\/wp\/v2\/posts"}],"about":[{"href":"https:\/\/colefcolombia.co\/colefco\/wp-json\/wp\/v2\/types\/post"}],"author":[{"embeddable":true,"href":"https:\/\/colefcolombia.co\/colefco\/wp-json\/wp\/v2\/users\/1"}],"replies":[{"embeddable":true,"href":"https:\/\/colefcolombia.co\/colefco\/wp-json\/wp\/v2\/comments?post=95"}],"version-history":[{"count":4,"href":"https:\/\/colefcolombia.co\/colefco\/wp-json\/wp\/v2\/posts\/95\/revisions"}],"predecessor-version":[{"id":436,"href":"https:\/\/colefcolombia.co\/colefco\/wp-json\/wp\/v2\/posts\/95\/revisions\/436"}],"wp:featuredmedia":[{"embeddable":true,"href":"https:\/\/colefcolombia.co\/colefco\/wp-json\/wp\/v2\/media\/97"}],"wp:attachment":[{"href":"https:\/\/colefcolombia.co\/colefco\/wp-json\/wp\/v2\/media?parent=95"}],"wp:term":[{"taxonomy":"category","embeddable":true,"href":"https:\/\/colefcolombia.co\/colefco\/wp-json\/wp\/v2\/categories?post=95"},{"taxonomy":"post_tag","embeddable":true,"href":"https:\/\/colefcolombia.co\/colefco\/wp-json\/wp\/v2\/tags?post=95"}],"curies":[{"name":"wp","href":"https:\/\/api.w.org\/{rel}","templated":true}]}}