{"id":72,"date":"2025-01-12T17:02:33","date_gmt":"2025-01-12T22:02:33","guid":{"rendered":"https:\/\/colefcolombia.co\/colefco\/?p=72"},"modified":"2025-01-12T17:02:33","modified_gmt":"2025-01-12T22:02:33","slug":"la-educacion-fisica-como-agente-transversal-en-la-vida-humana","status":"publish","type":"post","link":"https:\/\/colefcolombia.co\/colefco\/noticias\/la-educacion-fisica-como-agente-transversal-en-la-vida-humana\/","title":{"rendered":"La educaci\u00f3n f\u00edsica como agente transversal en la vida humana"},"content":{"rendered":"\n<p><strong>Prensa Mindeporte<\/strong><\/p>\n\n\n\n<p>Bogot\u00e1, <strong>11 de septiembre de 2024<\/strong>. Bajo la premisa de construir, desde el territorio y para el territorio, y luego de recorrer todo el pa\u00eds con las mesas departamentales, que contaron con la participaci\u00f3n de 3.206 personas, este mi\u00e9rcoles inici\u00f3 una nueva fase en la construcci\u00f3n de la nueva Ley del Deporte, la Recreaci\u00f3n y la Actividad F\u00edsica: las mesas intersectoriales. El primer turno fue para las asociaciones de educaci\u00f3n f\u00edsica.<\/p>\n\n\n<style>.kb-image72_e712a7-2c .kb-image-has-overlay:after{opacity:0.3;}<\/style>\n<figure class=\"wp-block-kadence-image kb-image72_e712a7-2c size-large\"><img decoding=\"async\" width=\"1024\" height=\"682\" data-src=\"https:\/\/colefcolombia.co\/colefco\/wp-content\/uploads\/2025\/01\/MINISTRA_EN_MESA_INTERSECTORIAL-1024x682.jpeg\" alt=\"\" class=\"kb-img wp-image-73 lazyload\" data-srcset=\"https:\/\/colefcolombia.co\/colefco\/wp-content\/uploads\/2025\/01\/MINISTRA_EN_MESA_INTERSECTORIAL-1024x682.jpeg 1024w, https:\/\/colefcolombia.co\/colefco\/wp-content\/uploads\/2025\/01\/MINISTRA_EN_MESA_INTERSECTORIAL-300x200.jpeg 300w, https:\/\/colefcolombia.co\/colefco\/wp-content\/uploads\/2025\/01\/MINISTRA_EN_MESA_INTERSECTORIAL-768x512.jpeg 768w, https:\/\/colefcolombia.co\/colefco\/wp-content\/uploads\/2025\/01\/MINISTRA_EN_MESA_INTERSECTORIAL-1536x1024.jpeg 1536w, https:\/\/colefcolombia.co\/colefco\/wp-content\/uploads\/2025\/01\/MINISTRA_EN_MESA_INTERSECTORIAL-2048x1365.jpeg 2048w\" data-sizes=\"(max-width: 1024px) 100vw, 1024px\" src=\"data:image\/svg+xml;base64,PHN2ZyB3aWR0aD0iMSIgaGVpZ2h0PSIxIiB4bWxucz0iaHR0cDovL3d3dy53My5vcmcvMjAwMC9zdmciPjwvc3ZnPg==\" style=\"--smush-placeholder-width: 1024px; --smush-placeholder-aspect-ratio: 1024\/682;\" \/><\/figure>\n","protected":false},"excerpt":{"rendered":"<p>Prensa Mindeporte Bogot\u00e1, 11 de septiembre de 2024. Bajo la premisa de construir, desde el territorio y para el territorio, y luego de recorrer todo el pa\u00eds con las mesas departamentales, que contaron con la participaci\u00f3n de 3.206 personas, este mi\u00e9rcoles inici\u00f3 una nueva fase en la construcci\u00f3n de la nueva Ley del Deporte, la [&hellip;]<\/p>\n","protected":false},"author":1,"featured_media":73,"comment_status":"closed","ping_status":"open","sticky":false,"template":"","format":"standard","meta":{"_coblocks_attr":"","_coblocks_dimensions":"","_coblocks_responsive_height":"","_coblocks_accordion_ie_support":"","_kadence_starter_templates_imported_post":false,"footnotes":""},"categories":[6],"tags":[],"class_list":["post-72","post","type-post","status-publish","format-standard","has-post-thumbnail","hentry","category-noticias"],"_links":{"self":[{"href":"https:\/\/colefcolombia.co\/colefco\/wp-json\/wp\/v2\/posts\/72","targetHints":{"allow":["GET"]}}],"collection":[{"href":"https:\/\/colefcolombia.co\/colefco\/wp-json\/wp\/v2\/posts"}],"about":[{"href":"https:\/\/colefcolombia.co\/colefco\/wp-json\/wp\/v2\/types\/post"}],"author":[{"embeddable":true,"href":"https:\/\/colefcolombia.co\/colefco\/wp-json\/wp\/v2\/users\/1"}],"replies":[{"embeddable":true,"href":"https:\/\/colefcolombia.co\/colefco\/wp-json\/wp\/v2\/comments?post=72"}],"version-history":[{"count":1,"href":"https:\/\/colefcolombia.co\/colefco\/wp-json\/wp\/v2\/posts\/72\/revisions"}],"predecessor-version":[{"id":74,"href":"https:\/\/colefcolombia.co\/colefco\/wp-json\/wp\/v2\/posts\/72\/revisions\/74"}],"wp:featuredmedia":[{"embeddable":true,"href":"https:\/\/colefcolombia.co\/colefco\/wp-json\/wp\/v2\/media\/73"}],"wp:attachment":[{"href":"https:\/\/colefcolombia.co\/colefco\/wp-json\/wp\/v2\/media?parent=72"}],"wp:term":[{"taxonomy":"category","embeddable":true,"href":"https:\/\/colefcolombia.co\/colefco\/wp-json\/wp\/v2\/categories?post=72"},{"taxonomy":"post_tag","embeddable":true,"href":"https:\/\/colefcolombia.co\/colefco\/wp-json\/wp\/v2\/tags?post=72"}],"curies":[{"name":"wp","href":"https:\/\/api.w.org\/{rel}","templated":true}]}}