{"id":67,"date":"2025-01-12T16:54:56","date_gmt":"2025-01-12T21:54:56","guid":{"rendered":"https:\/\/colefcolombia.co\/colefco\/?p=67"},"modified":"2025-01-12T16:58:56","modified_gmt":"2025-01-12T21:58:56","slug":"educacion-fisica-eje-transversal-en-mesas-para-la-nueva-ley-del-deporte","status":"publish","type":"post","link":"https:\/\/colefcolombia.co\/colefco\/noticias\/educacion-fisica-eje-transversal-en-mesas-para-la-nueva-ley-del-deporte\/","title":{"rendered":"Educaci\u00f3n f\u00edsica: eje transversal en mesas para la nueva Ley del Deporte"},"content":{"rendered":"<style>.kadence-column67_611f1d-c7 > .kt-inside-inner-col,.kadence-column67_611f1d-c7 > .kt-inside-inner-col:before{border-top-left-radius:0px;border-top-right-radius:0px;border-bottom-right-radius:0px;border-bottom-left-radius:0px;}.kadence-column67_611f1d-c7 > .kt-inside-inner-col{column-gap:var(--global-kb-gap-sm, 1rem);}.kadence-column67_611f1d-c7 > .kt-inside-inner-col{flex-direction:column;}.kadence-column67_611f1d-c7 > .kt-inside-inner-col > .aligncenter{width:100%;}.kadence-column67_611f1d-c7 > .kt-inside-inner-col:before{opacity:0.3;}.kadence-column67_611f1d-c7{position:relative;}@media all and (max-width: 1024px){.kadence-column67_611f1d-c7 > .kt-inside-inner-col{flex-direction:column;justify-content:center;}}@media all and (max-width: 767px){.kadence-column67_611f1d-c7 > .kt-inside-inner-col{flex-direction:column;justify-content:center;}}<\/style>\n<div class=\"wp-block-kadence-column kadence-column67_611f1d-c7\"><div class=\"kt-inside-inner-col\">\n<p><strong>Prensa Mindeporte<\/strong><\/p>\n\n\n\n<p>Barranquilla, <strong>julio 12 de 2023<\/strong>. La capital del Atl\u00e1ntico se convirti\u00f3 en el epicentro del di\u00e1logo. En reuni\u00f3n con la Asociaci\u00f3n Colombiana de Profesores de Educaci\u00f3n F\u00edsica (ACPEF), la ministra, Astrid Bibiana Rodr\u00edguez, escuch\u00f3 propuestas y convers\u00f3 con los educadores f\u00edsicos con el fin de fortalecer el desarrollo de la recreaci\u00f3n, la actividad f\u00edsica y el deporte en la regi\u00f3n.<\/p>\n\n\n\n<p>Durante la reuni\u00f3n la ACPEF retom\u00f3 algunas de las iniciativas y propuestas que ya hab\u00edan sido planteadas en di\u00e1logos con el Gobierno Nacional. De esta manera, la ministra destac\u00f3 el convenio interadministrativo que se realiz\u00f3 con la Universidad del Atl\u00e1ntico para garantizar el trabajo de los educadores f\u00edsicos en la regi\u00f3n, privilegiando municipios PDET y CIPRUNA. De igual manera, resalt\u00f3 el trabajo intersectorial que se hizo con el Ministerio de Educaci\u00f3n para firmar el Memorando de Entendimiento para impulsar la estrategia de formaci\u00f3n integral de ni\u00f1as, ni\u00f1os y adolescentes.<\/p>\n<\/div><\/div>\n\n\n<style>.kb-image67_1efd87-1b .kb-image-has-overlay:after{opacity:0.3;}<\/style>\n<figure class=\"wp-block-kadence-image kb-image67_1efd87-1b size-full\"><img decoding=\"async\" width=\"1024\" height=\"1024\" data-src=\"https:\/\/colefcolombia.co\/colefco\/wp-content\/uploads\/2025\/01\/envato-labs-image-edit-2.png\" alt=\"\" class=\"kb-img wp-image-70 lazyload\" data-srcset=\"https:\/\/colefcolombia.co\/colefco\/wp-content\/uploads\/2025\/01\/envato-labs-image-edit-2.png 1024w, https:\/\/colefcolombia.co\/colefco\/wp-content\/uploads\/2025\/01\/envato-labs-image-edit-2-300x300.png 300w, https:\/\/colefcolombia.co\/colefco\/wp-content\/uploads\/2025\/01\/envato-labs-image-edit-2-150x150.png 150w, https:\/\/colefcolombia.co\/colefco\/wp-content\/uploads\/2025\/01\/envato-labs-image-edit-2-768x768.png 768w\" data-sizes=\"(max-width: 1024px) 100vw, 1024px\" src=\"data:image\/svg+xml;base64,PHN2ZyB3aWR0aD0iMSIgaGVpZ2h0PSIxIiB4bWxucz0iaHR0cDovL3d3dy53My5vcmcvMjAwMC9zdmciPjwvc3ZnPg==\" style=\"--smush-placeholder-width: 1024px; --smush-placeholder-aspect-ratio: 1024\/1024;\" \/><\/figure>\n","protected":false},"excerpt":{"rendered":"<p>Prensa Mindeporte Barranquilla, julio 12 de 2023. La capital del Atl\u00e1ntico se convirti\u00f3 en el epicentro del di\u00e1logo. En reuni\u00f3n con la Asociaci\u00f3n Colombiana de Profesores de Educaci\u00f3n F\u00edsica (ACPEF), la ministra, Astrid Bibiana Rodr\u00edguez, escuch\u00f3 propuestas y convers\u00f3 con los educadores f\u00edsicos con el fin de fortalecer el desarrollo de la recreaci\u00f3n, la actividad [&hellip;]<\/p>\n","protected":false},"author":1,"featured_media":70,"comment_status":"closed","ping_status":"open","sticky":false,"template":"","format":"standard","meta":{"_coblocks_attr":"","_coblocks_dimensions":"","_coblocks_responsive_height":"","_coblocks_accordion_ie_support":"","_kadence_starter_templates_imported_post":false,"footnotes":""},"categories":[6],"tags":[],"class_list":["post-67","post","type-post","status-publish","format-standard","has-post-thumbnail","hentry","category-noticias"],"_links":{"self":[{"href":"https:\/\/colefcolombia.co\/colefco\/wp-json\/wp\/v2\/posts\/67","targetHints":{"allow":["GET"]}}],"collection":[{"href":"https:\/\/colefcolombia.co\/colefco\/wp-json\/wp\/v2\/posts"}],"about":[{"href":"https:\/\/colefcolombia.co\/colefco\/wp-json\/wp\/v2\/types\/post"}],"author":[{"embeddable":true,"href":"https:\/\/colefcolombia.co\/colefco\/wp-json\/wp\/v2\/users\/1"}],"replies":[{"embeddable":true,"href":"https:\/\/colefcolombia.co\/colefco\/wp-json\/wp\/v2\/comments?post=67"}],"version-history":[{"count":3,"href":"https:\/\/colefcolombia.co\/colefco\/wp-json\/wp\/v2\/posts\/67\/revisions"}],"predecessor-version":[{"id":71,"href":"https:\/\/colefcolombia.co\/colefco\/wp-json\/wp\/v2\/posts\/67\/revisions\/71"}],"wp:featuredmedia":[{"embeddable":true,"href":"https:\/\/colefcolombia.co\/colefco\/wp-json\/wp\/v2\/media\/70"}],"wp:attachment":[{"href":"https:\/\/colefcolombia.co\/colefco\/wp-json\/wp\/v2\/media?parent=67"}],"wp:term":[{"taxonomy":"category","embeddable":true,"href":"https:\/\/colefcolombia.co\/colefco\/wp-json\/wp\/v2\/categories?post=67"},{"taxonomy":"post_tag","embeddable":true,"href":"https:\/\/colefcolombia.co\/colefco\/wp-json\/wp\/v2\/tags?post=67"}],"curies":[{"name":"wp","href":"https:\/\/api.w.org\/{rel}","templated":true}]}}