{"id":374,"date":"2025-01-26T17:30:42","date_gmt":"2025-01-26T22:30:42","guid":{"rendered":"https:\/\/colefcolombia.co\/colefco\/?p=374"},"modified":"2026-03-02T21:06:00","modified_gmt":"2026-03-03T02:06:00","slug":"evaluacion-de-idoneidad-primera-convocatoria-27-de-febrero","status":"publish","type":"post","link":"https:\/\/colefcolombia.co\/colefco\/convocatorias\/evaluacion-de-idoneidad-primera-convocatoria-27-de-febrero\/","title":{"rendered":"Evaluaci\u00f3n de idoneidad Convocatorias para 2026"},"content":{"rendered":"\n<p>El Colegio Colombiano de Educadores F\u00edsicos (COLEF) invita a todos los profesionales del \u00e1rea a participar en la presentaci\u00f3n de ex\u00e1menes para la <strong>Certificaci\u00f3n de Idoneidad<\/strong> para el 2026, un proceso que valida sus competencias, conocimientos y habilidades de acuerdo con los est\u00e1ndares nacionales. Esta certificaci\u00f3n es una herramienta clave para fortalecer su perfil profesional y destacar en el campo de la educaci\u00f3n f\u00edsica y disciplinas afines. \u00a1No pierda la oportunidad de demostrar su excelencia! Consulte las fechas, requisitos y condiciones de inscripci\u00f3n.<\/p>\n\n\n\n<p><a href=\"https:\/\/colefcolombia.co\/colefco\/certificados\/convocatoria\/\" data-type=\"page\" data-id=\"245\"><strong>Consulta todas las fechas de la convocatoria<\/strong> &#8230;<\/a><\/p>\n\n\n\n<p>Para asegurar un mejor desempe\u00f1o, se invita a los participantes a aprovechar el material de preparaci\u00f3n disponible en el <a href=\"https:\/\/colefcolombia.co\/colefco\/store\/\">store de nuestra p\u00e1gina web<\/a>. Son 4 cartillas dise\u00f1adas espec\u00edficamente para ayudarles a enfrentar el examen con confianza y seguridad.<\/p>\n\n\n\n<p><\/p>\n\n\n<style>.kb-image374_37ca1f-ba .kb-image-has-overlay:after{opacity:0.3;}<\/style>\n<figure class=\"wp-block-kadence-image kb-image374_37ca1f-ba size-large\"><img decoding=\"async\" width=\"576\" height=\"1024\" data-src=\"https:\/\/colefcolombia.co\/colefco\/wp-content\/uploads\/2025\/01\/IMG_1290.jpeg-576x1024.webp\" alt=\"\" class=\"kb-img wp-image-384 lazyload\" data-srcset=\"https:\/\/colefcolombia.co\/colefco\/wp-content\/uploads\/2025\/01\/IMG_1290.jpeg-576x1024.webp 576w, https:\/\/colefcolombia.co\/colefco\/wp-content\/uploads\/2025\/01\/IMG_1290.jpeg-169x300.webp 169w, https:\/\/colefcolombia.co\/colefco\/wp-content\/uploads\/2025\/01\/IMG_1290.jpeg.webp 720w\" data-sizes=\"(max-width: 576px) 100vw, 576px\" src=\"data:image\/svg+xml;base64,PHN2ZyB3aWR0aD0iMSIgaGVpZ2h0PSIxIiB4bWxucz0iaHR0cDovL3d3dy53My5vcmcvMjAwMC9zdmciPjwvc3ZnPg==\" style=\"--smush-placeholder-width: 576px; --smush-placeholder-aspect-ratio: 576\/1024;\" \/><\/figure>\n","protected":false},"excerpt":{"rendered":"<p>El Colegio Colombiano de Educadores F\u00edsicos (COLEF) invita a todos los profesionales del \u00e1rea a participar en la presentaci\u00f3n de ex\u00e1menes para la Certificaci\u00f3n de Idoneidad para el 2026, un proceso que valida sus competencias, conocimientos y habilidades de acuerdo con los est\u00e1ndares nacionales. Esta certificaci\u00f3n es una herramienta clave para fortalecer su perfil profesional [&hellip;]<\/p>\n","protected":false},"author":1,"featured_media":375,"comment_status":"closed","ping_status":"open","sticky":false,"template":"","format":"standard","meta":{"_coblocks_attr":"","_coblocks_dimensions":"","_coblocks_responsive_height":"","_coblocks_accordion_ie_support":"","_kadence_starter_templates_imported_post":false,"footnotes":""},"categories":[5,11],"tags":[],"class_list":["post-374","post","type-post","status-publish","format-standard","has-post-thumbnail","hentry","category-convocatorias","category-destacado"],"_links":{"self":[{"href":"https:\/\/colefcolombia.co\/colefco\/wp-json\/wp\/v2\/posts\/374","targetHints":{"allow":["GET"]}}],"collection":[{"href":"https:\/\/colefcolombia.co\/colefco\/wp-json\/wp\/v2\/posts"}],"about":[{"href":"https:\/\/colefcolombia.co\/colefco\/wp-json\/wp\/v2\/types\/post"}],"author":[{"embeddable":true,"href":"https:\/\/colefcolombia.co\/colefco\/wp-json\/wp\/v2\/users\/1"}],"replies":[{"embeddable":true,"href":"https:\/\/colefcolombia.co\/colefco\/wp-json\/wp\/v2\/comments?post=374"}],"version-history":[{"count":5,"href":"https:\/\/colefcolombia.co\/colefco\/wp-json\/wp\/v2\/posts\/374\/revisions"}],"predecessor-version":[{"id":933,"href":"https:\/\/colefcolombia.co\/colefco\/wp-json\/wp\/v2\/posts\/374\/revisions\/933"}],"wp:featuredmedia":[{"embeddable":true,"href":"https:\/\/colefcolombia.co\/colefco\/wp-json\/wp\/v2\/media\/375"}],"wp:attachment":[{"href":"https:\/\/colefcolombia.co\/colefco\/wp-json\/wp\/v2\/media?parent=374"}],"wp:term":[{"taxonomy":"category","embeddable":true,"href":"https:\/\/colefcolombia.co\/colefco\/wp-json\/wp\/v2\/categories?post=374"},{"taxonomy":"post_tag","embeddable":true,"href":"https:\/\/colefcolombia.co\/colefco\/wp-json\/wp\/v2\/tags?post=374"}],"curies":[{"name":"wp","href":"https:\/\/api.w.org\/{rel}","templated":true}]}}